{"id":156,"date":"2017-11-12T21:22:59","date_gmt":"2017-11-12T21:22:59","guid":{"rendered":"http:\/\/alexandrabosbeer.com\/foto\/?p=156"},"modified":"2020-07-08T19:43:09","modified_gmt":"2020-07-08T19:43:09","slug":"kopftuch","status":"publish","type":"post","link":"http:\/\/alexandrabosbeer.com\/foto\/kopftuch\/","title":{"rendered":"Kopftuch Projekt"},"content":{"rendered":"<p>Das Kopftuch-Projekt ist durch die Erkenntnis entstanden, dass nicht nur muslimische Frauen eine Kopfbedeckung tragen. Frauen tragen Kopft\u00fccher aus vielen verschiedenen Beweggr\u00fcnden: aus religi\u00f6sen oder kulturellen Gr\u00fcnden, wegen der Mode oder um ihr Aussehen zu heben.<\/p>\n<p>Ein Kopftuch ist im Grunde nur ein St\u00fcck Stoff &#8211; als Teenager in den Niederlanden trug ich w\u00e4hrend einer bestimmten Phase als Modest\u00fcck ein Tuch auf dem Kopf. Andererseits ist es viel mehr als nur ein St\u00fcck Stoff. Kopft\u00fccher sind Teil einer forschen Auseinandersetzung zum Thema Identit\u00e4t und Glaube sowie die Kraftpotenzial der Frauen geworden. Unserer Gesellschaft wegen d\u00fcrfen wir es nicht erlauben, dass wir durch diese einfache Stoffst\u00fccke getrennt werden.<\/p>\n<p><img loading=\"lazy\" decoding=\"async\" class=\"aligncenter wp-image-158 size-full\" src=\"http:\/\/alexandrabosbeer.com\/foto\/wp-content\/uploads\/2017\/11\/Hat-series-Sasha-pt2web.jpg\" alt=\"\" width=\"800\" height=\"128\" srcset=\"http:\/\/alexandrabosbeer.com\/foto\/wp-content\/uploads\/2017\/11\/Hat-series-Sasha-pt2web.jpg 800w, http:\/\/alexandrabosbeer.com\/foto\/wp-content\/uploads\/2017\/11\/Hat-series-Sasha-pt2web-300x48.jpg 300w, http:\/\/alexandrabosbeer.com\/foto\/wp-content\/uploads\/2017\/11\/Hat-series-Sasha-pt2web-768x123.jpg 768w, http:\/\/alexandrabosbeer.com\/foto\/wp-content\/uploads\/2017\/11\/Hat-series-Sasha-pt2web-508x81.jpg 508w\" sizes=\"auto, (max-width: 800px) 100vw, 800px\" \/><\/p>\n<h3>Kopftuchprojekt<\/h3>\n<p>Unter \u201eKopftuch\u201c stellen sich manche Leute nur die Kopfbedeckung muslimischer Frauen vor. Manche christliche Frauen (katholische Nonnen und einige Mennonitinnen z.B.) d\u00fcrfen wir jedoch nicht vergessen. Und was ist mit deutschen B\u00e4uerinnen? Oder mit modebewussten Frauen in einigen St\u00e4dten, die vor ein paar Jahrzehnten Kopft\u00fccher trugen, um ihre Haare vor Staub zu sch\u00fctzen oder ihre Frisur zu schonen? Oder Frauen, die Krankheit bedingt ihre Haare verloren haben und Kopft\u00fccher als Kopfbedeckung tragen? Frauen tragen aus vielen verschiedenen Gr\u00fcnden Kopft\u00fccher. Auch die Art der Kopfbedeckung und wie sie getragen wird, k\u00f6nnen sehr unterschiedlich sein.<br>Bestandteil dieses Projekts ist es, Frauen Gelegenheiten zu geben, Tipps dar\u00fcber auszutauschen, wie frau ein Kopftuch tragen kann. Frauen kommen zusammen, lernen einander kennen und erz\u00e4hlen unsere Geschichten von Kopft\u00fcchern. Einige Teilnehmerinnen k\u00f6nnen eventuell anderen zeigen, wie sie ihre Kopft\u00fccher tragen.<\/p>\n<p><img loading=\"lazy\" decoding=\"async\" class=\"aligncenter size-full wp-image-439\" src=\"http:\/\/alexandrabosbeer.com\/foto\/wp-content\/uploads\/2017\/11\/koptucher.jpg\" alt=\"\" width=\"1500\" height=\"665\" srcset=\"http:\/\/alexandrabosbeer.com\/foto\/wp-content\/uploads\/2017\/11\/koptucher.jpg 1500w, http:\/\/alexandrabosbeer.com\/foto\/wp-content\/uploads\/2017\/11\/koptucher-300x133.jpg 300w, http:\/\/alexandrabosbeer.com\/foto\/wp-content\/uploads\/2017\/11\/koptucher-1024x454.jpg 1024w, http:\/\/alexandrabosbeer.com\/foto\/wp-content\/uploads\/2017\/11\/koptucher-768x340.jpg 768w, http:\/\/alexandrabosbeer.com\/foto\/wp-content\/uploads\/2017\/11\/koptucher-973x431.jpg 973w, http:\/\/alexandrabosbeer.com\/foto\/wp-content\/uploads\/2017\/11\/koptucher-508x225.jpg 508w\" sizes=\"auto, (max-width: 1500px) 100vw, 1500px\" \/><\/p>\n<p>Fotos werden von den Frauen aufgenommen, die gern fotografiert werden &#8211; ob mit Kopftuch oder im Gespr\u00e4ch. &nbsp;<\/p>\n<p>Ausstellung in Siegburg, Dezember 2017.<\/p>\n<p><img loading=\"lazy\" decoding=\"async\" class=\"aligncenter size-full wp-image-447\" src=\"http:\/\/alexandrabosbeer.com\/foto\/wp-content\/uploads\/2017\/11\/kopftuch.jpg\" alt=\"\" width=\"1000\" height=\"430\" srcset=\"http:\/\/alexandrabosbeer.com\/foto\/wp-content\/uploads\/2017\/11\/kopftuch.jpg 1000w, http:\/\/alexandrabosbeer.com\/foto\/wp-content\/uploads\/2017\/11\/kopftuch-300x129.jpg 300w, http:\/\/alexandrabosbeer.com\/foto\/wp-content\/uploads\/2017\/11\/kopftuch-768x330.jpg 768w, http:\/\/alexandrabosbeer.com\/foto\/wp-content\/uploads\/2017\/11\/kopftuch-973x418.jpg 973w, http:\/\/alexandrabosbeer.com\/foto\/wp-content\/uploads\/2017\/11\/kopftuch-508x218.jpg 508w\" sizes=\"auto, (max-width: 1000px) 100vw, 1000px\" \/><\/p>\n<p><a href=\"http:\/\/bosbeerphotos.com\/headscarves\/\">English<\/a><\/p>\n\n\n<p><\/p>\n","protected":false},"excerpt":{"rendered":"<p>Das Kopftuch-Projekt ist durch die Erkenntnis entstanden, dass nicht nur muslimische Frauen eine Kopfbedeckung tragen. Frauen tragen Kopft\u00fccher aus vielen verschiedenen Beweggr\u00fcnden: aus religi\u00f6sen oder kulturellen Gr\u00fcnden, wegen&#8230;<\/p>\n","protected":false},"author":1,"featured_media":0,"comment_status":"open","ping_status":"open","sticky":false,"template":"","format":"standard","meta":{"ngg_post_thumbnail":0,"footnotes":""},"categories":[3],"tags":[4,5,10,8,7,6,9],"class_list":["post-156","post","type-post","status-publish","format-standard","hentry","category-projekt","tag-ausstellung","tag-fotografie","tag-frauen","tag-integration","tag-kopftuch","tag-siegburg","tag-vielfalt"],"_links":{"self":[{"href":"http:\/\/alexandrabosbeer.com\/foto\/wp-json\/wp\/v2\/posts\/156","targetHints":{"allow":["GET"]}}],"collection":[{"href":"http:\/\/alexandrabosbeer.com\/foto\/wp-json\/wp\/v2\/posts"}],"about":[{"href":"http:\/\/alexandrabosbeer.com\/foto\/wp-json\/wp\/v2\/types\/post"}],"author":[{"embeddable":true,"href":"http:\/\/alexandrabosbeer.com\/foto\/wp-json\/wp\/v2\/users\/1"}],"replies":[{"embeddable":true,"href":"http:\/\/alexandrabosbeer.com\/foto\/wp-json\/wp\/v2\/comments?post=156"}],"version-history":[{"count":8,"href":"http:\/\/alexandrabosbeer.com\/foto\/wp-json\/wp\/v2\/posts\/156\/revisions"}],"predecessor-version":[{"id":449,"href":"http:\/\/alexandrabosbeer.com\/foto\/wp-json\/wp\/v2\/posts\/156\/revisions\/449"}],"wp:attachment":[{"href":"http:\/\/alexandrabosbeer.com\/foto\/wp-json\/wp\/v2\/media?parent=156"}],"wp:term":[{"taxonomy":"category","embeddable":true,"href":"http:\/\/alexandrabosbeer.com\/foto\/wp-json\/wp\/v2\/categories?post=156"},{"taxonomy":"post_tag","embeddable":true,"href":"http:\/\/alexandrabosbeer.com\/foto\/wp-json\/wp\/v2\/tags?post=156"}],"curies":[{"name":"wp","href":"https:\/\/api.w.org\/{rel}","templated":true}]}}